{"id":275,"date":"2018-07-13T14:33:48","date_gmt":"2018-07-13T14:33:48","guid":{"rendered":"http:\/\/www.reencontro.pt\/?p=275"},"modified":"2018-07-16T14:04:41","modified_gmt":"2018-07-16T14:04:41","slug":"dress-a-girl-around-the-world","status":"publish","type":"post","link":"https:\/\/www.reencontro.pt\/index.php\/2018\/07\/13\/dress-a-girl-around-the-world\/","title":{"rendered":"Dress a Girl Around the World"},"content":{"rendered":"<div id=\"pl-275\"  class=\"panel-layout\" ><div id=\"pg-275-0\"  class=\"panel-grid panel-has-style\" ><div style=\"padding: 100px 0; \" data-overlay=\"true\" data-overlay-color=\"#000000\" class=\"panel-row-style panel-row-style-for-275-0\" ><div id=\"pgc-275-0-0\"  class=\"panel-grid-cell\" ><div id=\"panel-275-0-0-0\" class=\"so-panel widget widget_sow-editor panel-first-child panel-last-child\" data-index=\"0\" ><div style=\"text-align: left;\" data-title-color=\"#443f3f\" data-headings-color=\"#443f3f\" class=\"panel-widget-style panel-widget-style-for-275-0-0-0\" ><div\n\t\t\t\n\t\t\tclass=\"so-widget-sow-editor so-widget-sow-editor-base\"\n\t\t\t\n\t\t>\n<div class=\"siteorigin-widget-tinymce textwidget\">\n\t<p><span style=\"color: #000000; font-family: Calibri;\">\u00a0<\/span><span style=\"color: #000000; font-family: Calibri;\">O Dress a Girl Around the World - Portugal precisa de muitas m\u00e3os solid\u00e1rias.<br \/>\nSe est\u00e1 dispon\u00edvel para costurar connosco n\u00e3o podem deixar de participar no pr\u00f3ximo \"Atelier de costura solid\u00e1ria\" que se realiza na Reencontro, em Vila Nova de Tazem. <\/span><span style=\"color: #000000; font-family: Calibri;\"> Queremos chegar mais longe!<br \/>\nQueremos ajudar a que cada vez mais crian\u00e7as, em todo o Mundo, possam sorrir.<br \/>\n<\/span><\/p>\n<p><span style=\"color: #000000; font-family: Calibri;\">Seja em Portugal, em S\u00e3o Tom\u00e9 e Pr\u00edncipe ou noutro lugar mais ou menos distante haver\u00e1 sempre alguma crian\u00e7a que espera por um pouco de aten\u00e7\u00e3o.<\/span><\/p>\n<p><span style=\"color: #000000; font-family: Calibri;\">\u00a0<\/span><\/p>\n<p>&nbsp;<\/p>\n<\/div>\n<\/div><\/div><\/div><\/div><\/div><\/div><\/div>","protected":false},"excerpt":{"rendered":"<p>\u00a0O Dress a Girl Around the World &#8211; Portugal precisa de muitas m\u00e3os solid\u00e1rias. Se est\u00e1 dispon\u00edvel para costurar connosco n\u00e3o podem deixar de participar no pr\u00f3ximo &#8220;Atelier de costura solid\u00e1ria&#8221; que se realiza na Reencontro, em Vila Nova de Tazem. Queremos chegar mais longe! Queremos ajudar a que cada vez mais crian\u00e7as, em todo [&hellip;]<\/p>\n","protected":false},"author":4,"featured_media":328,"comment_status":"closed","ping_status":"closed","sticky":false,"template":"post-templates\/post_nosidebar.php","format":"standard","meta":{"footnotes":""},"categories":[5],"tags":[],"yoast_head":"<!-- This site is optimized with the Yoast SEO plugin v23.0 - https:\/\/yoast.com\/wordpress\/plugins\/seo\/ -->\n<title>Dress a Girl Around the World - Reencontro<\/title>\n<meta name=\"description\" content=\"A Reencontro - Associa\u00e7\u00e3o Social, Educativa e Cultural de Vila Nova de Tazem \u00e9 uma Institui\u00e7\u00e3o Particular de Solidariedade Social (I.P.S.S), sem fins lucrativos, de utilidade p\u00fablica, fundada em mar\u00e7o de 2010, com sede em Vila Nova de Tazem-Gouveia-Guarda.\" \/>\n<meta name=\"robots\" content=\"index, follow, max-snippet:-1, max-image-preview:large, max-video-preview:-1\" \/>\n<link rel=\"canonical\" href=\"https:\/\/www.reencontro.pt\/index.php\/2018\/07\/13\/dress-a-girl-around-the-world\/\" \/>\n<meta property=\"og:locale\" content=\"pt_PT\" \/>\n<meta property=\"og:type\" content=\"article\" \/>\n<meta property=\"og:title\" content=\"Dress a Girl Around the World - Reencontro\" \/>\n<meta property=\"og:description\" content=\"A Reencontro - Associa\u00e7\u00e3o Social, Educativa e Cultural de Vila Nova de Tazem \u00e9 uma Institui\u00e7\u00e3o Particular de Solidariedade Social (I.P.S.S), sem fins lucrativos, de utilidade p\u00fablica, fundada em mar\u00e7o de 2010, com sede em Vila Nova de Tazem-Gouveia-Guarda.\" \/>\n<meta property=\"og:url\" content=\"https:\/\/www.reencontro.pt\/index.php\/2018\/07\/13\/dress-a-girl-around-the-world\/\" \/>\n<meta property=\"og:site_name\" content=\"Reencontro\" \/>\n<meta property=\"article:publisher\" content=\"https:\/\/www.facebook.com\/Reencontro-1465154387051680\/\" \/>\n<meta property=\"article:published_time\" content=\"2018-07-13T14:33:48+00:00\" \/>\n<meta property=\"article:modified_time\" content=\"2018-07-16T14:04:41+00:00\" \/>\n<meta property=\"og:image\" content=\"https:\/\/www.reencontro.pt\/wp-content\/uploads\/2018\/07\/dress-a-girl-logo-01.jpg\" \/>\n\t<meta property=\"og:image:width\" content=\"792\" \/>\n\t<meta property=\"og:image:height\" content=\"540\" \/>\n\t<meta property=\"og:image:type\" content=\"image\/jpeg\" \/>\n<meta name=\"author\" content=\"admin\" \/>\n<meta name=\"twitter:card\" content=\"summary_large_image\" \/>\n<meta name=\"twitter:label1\" content=\"Escrito por\" \/>\n\t<meta name=\"twitter:data1\" content=\"admin\" \/>\n<script type=\"application\/ld+json\" class=\"yoast-schema-graph\">{\"@context\":\"https:\/\/schema.org\",\"@graph\":[{\"@type\":\"Article\",\"@id\":\"https:\/\/www.reencontro.pt\/index.php\/2018\/07\/13\/dress-a-girl-around-the-world\/#article\",\"isPartOf\":{\"@id\":\"https:\/\/www.reencontro.pt\/index.php\/2018\/07\/13\/dress-a-girl-around-the-world\/\"},\"author\":{\"name\":\"admin\",\"@id\":\"https:\/\/www.reencontro.pt\/#\/schema\/person\/30d6f37ec534509c79c1a55a590563c8\"},\"headline\":\"Dress a Girl Around the World\",\"datePublished\":\"2018-07-13T14:33:48+00:00\",\"dateModified\":\"2018-07-16T14:04:41+00:00\",\"mainEntityOfPage\":{\"@id\":\"https:\/\/www.reencontro.pt\/index.php\/2018\/07\/13\/dress-a-girl-around-the-world\/\"},\"wordCount\":103,\"publisher\":{\"@id\":\"https:\/\/www.reencontro.pt\/#organization\"},\"image\":{\"@id\":\"https:\/\/www.reencontro.pt\/index.php\/2018\/07\/13\/dress-a-girl-around-the-world\/#primaryimage\"},\"thumbnailUrl\":\"https:\/\/www.reencontro.pt\/wp-content\/uploads\/2018\/07\/dress-a-girl-logo-01.jpg\",\"articleSection\":[\"Atividades\"],\"inLanguage\":\"pt-PT\"},{\"@type\":\"WebPage\",\"@id\":\"https:\/\/www.reencontro.pt\/index.php\/2018\/07\/13\/dress-a-girl-around-the-world\/\",\"url\":\"https:\/\/www.reencontro.pt\/index.php\/2018\/07\/13\/dress-a-girl-around-the-world\/\",\"name\":\"Dress a Girl Around the World - Reencontro\",\"isPartOf\":{\"@id\":\"https:\/\/www.reencontro.pt\/#website\"},\"primaryImageOfPage\":{\"@id\":\"https:\/\/www.reencontro.pt\/index.php\/2018\/07\/13\/dress-a-girl-around-the-world\/#primaryimage\"},\"image\":{\"@id\":\"https:\/\/www.reencontro.pt\/index.php\/2018\/07\/13\/dress-a-girl-around-the-world\/#primaryimage\"},\"thumbnailUrl\":\"https:\/\/www.reencontro.pt\/wp-content\/uploads\/2018\/07\/dress-a-girl-logo-01.jpg\",\"datePublished\":\"2018-07-13T14:33:48+00:00\",\"dateModified\":\"2018-07-16T14:04:41+00:00\",\"description\":\"A Reencontro - Associa\u00e7\u00e3o Social, Educativa e Cultural de Vila Nova de Tazem \u00e9 uma Institui\u00e7\u00e3o Particular de Solidariedade Social (I.P.S.S), sem fins lucrativos, de utilidade p\u00fablica, fundada em mar\u00e7o de 2010, com sede em Vila Nova de Tazem-Gouveia-Guarda.\",\"breadcrumb\":{\"@id\":\"https:\/\/www.reencontro.pt\/index.php\/2018\/07\/13\/dress-a-girl-around-the-world\/#breadcrumb\"},\"inLanguage\":\"pt-PT\",\"potentialAction\":[{\"@type\":\"ReadAction\",\"target\":[\"https:\/\/www.reencontro.pt\/index.php\/2018\/07\/13\/dress-a-girl-around-the-world\/\"]}]},{\"@type\":\"ImageObject\",\"inLanguage\":\"pt-PT\",\"@id\":\"https:\/\/www.reencontro.pt\/index.php\/2018\/07\/13\/dress-a-girl-around-the-world\/#primaryimage\",\"url\":\"https:\/\/www.reencontro.pt\/wp-content\/uploads\/2018\/07\/dress-a-girl-logo-01.jpg\",\"contentUrl\":\"https:\/\/www.reencontro.pt\/wp-content\/uploads\/2018\/07\/dress-a-girl-logo-01.jpg\",\"width\":792,\"height\":540},{\"@type\":\"BreadcrumbList\",\"@id\":\"https:\/\/www.reencontro.pt\/index.php\/2018\/07\/13\/dress-a-girl-around-the-world\/#breadcrumb\",\"itemListElement\":[{\"@type\":\"ListItem\",\"position\":1,\"name\":\"Home\",\"item\":\"https:\/\/www.reencontro.pt\/\"},{\"@type\":\"ListItem\",\"position\":2,\"name\":\"Dress a Girl Around the World\"}]},{\"@type\":\"WebSite\",\"@id\":\"https:\/\/www.reencontro.pt\/#website\",\"url\":\"https:\/\/www.reencontro.pt\/\",\"name\":\"Reencontro\",\"description\":\"Associa\u00e7\u00e3o\",\"publisher\":{\"@id\":\"https:\/\/www.reencontro.pt\/#organization\"},\"potentialAction\":[{\"@type\":\"SearchAction\",\"target\":{\"@type\":\"EntryPoint\",\"urlTemplate\":\"https:\/\/www.reencontro.pt\/?s={search_term_string}\"},\"query-input\":\"required name=search_term_string\"}],\"inLanguage\":\"pt-PT\"},{\"@type\":\"Organization\",\"@id\":\"https:\/\/www.reencontro.pt\/#organization\",\"name\":\"Associa\u00e7\u00e3o Reencontro\",\"url\":\"https:\/\/www.reencontro.pt\/\",\"logo\":{\"@type\":\"ImageObject\",\"inLanguage\":\"pt-PT\",\"@id\":\"https:\/\/www.reencontro.pt\/#\/schema\/logo\/image\/\",\"url\":\"https:\/\/www.reencontro.pt\/wp-content\/uploads\/2018\/07\/logo11.png\",\"contentUrl\":\"https:\/\/www.reencontro.pt\/wp-content\/uploads\/2018\/07\/logo11.png\",\"width\":443,\"height\":174,\"caption\":\"Associa\u00e7\u00e3o Reencontro\"},\"image\":{\"@id\":\"https:\/\/www.reencontro.pt\/#\/schema\/logo\/image\/\"},\"sameAs\":[\"https:\/\/www.facebook.com\/Reencontro-1465154387051680\/\"]},{\"@type\":\"Person\",\"@id\":\"https:\/\/www.reencontro.pt\/#\/schema\/person\/30d6f37ec534509c79c1a55a590563c8\",\"name\":\"admin\",\"image\":{\"@type\":\"ImageObject\",\"inLanguage\":\"pt-PT\",\"@id\":\"https:\/\/www.reencontro.pt\/#\/schema\/person\/image\/\",\"url\":\"https:\/\/secure.gravatar.com\/avatar\/24333df84e8510f0912c55442d74e9d0?s=96&d=mm&r=g\",\"contentUrl\":\"https:\/\/secure.gravatar.com\/avatar\/24333df84e8510f0912c55442d74e9d0?s=96&d=mm&r=g\",\"caption\":\"admin\"}}]}<\/script>\n<!-- \/ Yoast SEO plugin. -->","yoast_head_json":{"title":"Dress a Girl Around the World - Reencontro","description":"A Reencontro - Associa\u00e7\u00e3o Social, Educativa e Cultural de Vila Nova de Tazem \u00e9 uma Institui\u00e7\u00e3o Particular de Solidariedade Social (I.P.S.S), sem fins lucrativos, de utilidade p\u00fablica, fundada em mar\u00e7o de 2010, com sede em Vila Nova de Tazem-Gouveia-Guarda.","robots":{"index":"index","follow":"follow","max-snippet":"max-snippet:-1","max-image-preview":"max-image-preview:large","max-video-preview":"max-video-preview:-1"},"canonical":"https:\/\/www.reencontro.pt\/index.php\/2018\/07\/13\/dress-a-girl-around-the-world\/","og_locale":"pt_PT","og_type":"article","og_title":"Dress a Girl Around the World - Reencontro","og_description":"A Reencontro - Associa\u00e7\u00e3o Social, Educativa e Cultural de Vila Nova de Tazem \u00e9 uma Institui\u00e7\u00e3o Particular de Solidariedade Social (I.P.S.S), sem fins lucrativos, de utilidade p\u00fablica, fundada em mar\u00e7o de 2010, com sede em Vila Nova de Tazem-Gouveia-Guarda.","og_url":"https:\/\/www.reencontro.pt\/index.php\/2018\/07\/13\/dress-a-girl-around-the-world\/","og_site_name":"Reencontro","article_publisher":"https:\/\/www.facebook.com\/Reencontro-1465154387051680\/","article_published_time":"2018-07-13T14:33:48+00:00","article_modified_time":"2018-07-16T14:04:41+00:00","og_image":[{"width":792,"height":540,"url":"https:\/\/www.reencontro.pt\/wp-content\/uploads\/2018\/07\/dress-a-girl-logo-01.jpg","type":"image\/jpeg"}],"author":"admin","twitter_card":"summary_large_image","twitter_misc":{"Escrito por":"admin"},"schema":{"@context":"https:\/\/schema.org","@graph":[{"@type":"Article","@id":"https:\/\/www.reencontro.pt\/index.php\/2018\/07\/13\/dress-a-girl-around-the-world\/#article","isPartOf":{"@id":"https:\/\/www.reencontro.pt\/index.php\/2018\/07\/13\/dress-a-girl-around-the-world\/"},"author":{"name":"admin","@id":"https:\/\/www.reencontro.pt\/#\/schema\/person\/30d6f37ec534509c79c1a55a590563c8"},"headline":"Dress a Girl Around the World","datePublished":"2018-07-13T14:33:48+00:00","dateModified":"2018-07-16T14:04:41+00:00","mainEntityOfPage":{"@id":"https:\/\/www.reencontro.pt\/index.php\/2018\/07\/13\/dress-a-girl-around-the-world\/"},"wordCount":103,"publisher":{"@id":"https:\/\/www.reencontro.pt\/#organization"},"image":{"@id":"https:\/\/www.reencontro.pt\/index.php\/2018\/07\/13\/dress-a-girl-around-the-world\/#primaryimage"},"thumbnailUrl":"https:\/\/www.reencontro.pt\/wp-content\/uploads\/2018\/07\/dress-a-girl-logo-01.jpg","articleSection":["Atividades"],"inLanguage":"pt-PT"},{"@type":"WebPage","@id":"https:\/\/www.reencontro.pt\/index.php\/2018\/07\/13\/dress-a-girl-around-the-world\/","url":"https:\/\/www.reencontro.pt\/index.php\/2018\/07\/13\/dress-a-girl-around-the-world\/","name":"Dress a Girl Around the World - Reencontro","isPartOf":{"@id":"https:\/\/www.reencontro.pt\/#website"},"primaryImageOfPage":{"@id":"https:\/\/www.reencontro.pt\/index.php\/2018\/07\/13\/dress-a-girl-around-the-world\/#primaryimage"},"image":{"@id":"https:\/\/www.reencontro.pt\/index.php\/2018\/07\/13\/dress-a-girl-around-the-world\/#primaryimage"},"thumbnailUrl":"https:\/\/www.reencontro.pt\/wp-content\/uploads\/2018\/07\/dress-a-girl-logo-01.jpg","datePublished":"2018-07-13T14:33:48+00:00","dateModified":"2018-07-16T14:04:41+00:00","description":"A Reencontro - Associa\u00e7\u00e3o Social, Educativa e Cultural de Vila Nova de Tazem \u00e9 uma Institui\u00e7\u00e3o Particular de Solidariedade Social (I.P.S.S), sem fins lucrativos, de utilidade p\u00fablica, fundada em mar\u00e7o de 2010, com sede em Vila Nova de Tazem-Gouveia-Guarda.","breadcrumb":{"@id":"https:\/\/www.reencontro.pt\/index.php\/2018\/07\/13\/dress-a-girl-around-the-world\/#breadcrumb"},"inLanguage":"pt-PT","potentialAction":[{"@type":"ReadAction","target":["https:\/\/www.reencontro.pt\/index.php\/2018\/07\/13\/dress-a-girl-around-the-world\/"]}]},{"@type":"ImageObject","inLanguage":"pt-PT","@id":"https:\/\/www.reencontro.pt\/index.php\/2018\/07\/13\/dress-a-girl-around-the-world\/#primaryimage","url":"https:\/\/www.reencontro.pt\/wp-content\/uploads\/2018\/07\/dress-a-girl-logo-01.jpg","contentUrl":"https:\/\/www.reencontro.pt\/wp-content\/uploads\/2018\/07\/dress-a-girl-logo-01.jpg","width":792,"height":540},{"@type":"BreadcrumbList","@id":"https:\/\/www.reencontro.pt\/index.php\/2018\/07\/13\/dress-a-girl-around-the-world\/#breadcrumb","itemListElement":[{"@type":"ListItem","position":1,"name":"Home","item":"https:\/\/www.reencontro.pt\/"},{"@type":"ListItem","position":2,"name":"Dress a Girl Around the World"}]},{"@type":"WebSite","@id":"https:\/\/www.reencontro.pt\/#website","url":"https:\/\/www.reencontro.pt\/","name":"Reencontro","description":"Associa\u00e7\u00e3o","publisher":{"@id":"https:\/\/www.reencontro.pt\/#organization"},"potentialAction":[{"@type":"SearchAction","target":{"@type":"EntryPoint","urlTemplate":"https:\/\/www.reencontro.pt\/?s={search_term_string}"},"query-input":"required name=search_term_string"}],"inLanguage":"pt-PT"},{"@type":"Organization","@id":"https:\/\/www.reencontro.pt\/#organization","name":"Associa\u00e7\u00e3o Reencontro","url":"https:\/\/www.reencontro.pt\/","logo":{"@type":"ImageObject","inLanguage":"pt-PT","@id":"https:\/\/www.reencontro.pt\/#\/schema\/logo\/image\/","url":"https:\/\/www.reencontro.pt\/wp-content\/uploads\/2018\/07\/logo11.png","contentUrl":"https:\/\/www.reencontro.pt\/wp-content\/uploads\/2018\/07\/logo11.png","width":443,"height":174,"caption":"Associa\u00e7\u00e3o Reencontro"},"image":{"@id":"https:\/\/www.reencontro.pt\/#\/schema\/logo\/image\/"},"sameAs":["https:\/\/www.facebook.com\/Reencontro-1465154387051680\/"]},{"@type":"Person","@id":"https:\/\/www.reencontro.pt\/#\/schema\/person\/30d6f37ec534509c79c1a55a590563c8","name":"admin","image":{"@type":"ImageObject","inLanguage":"pt-PT","@id":"https:\/\/www.reencontro.pt\/#\/schema\/person\/image\/","url":"https:\/\/secure.gravatar.com\/avatar\/24333df84e8510f0912c55442d74e9d0?s=96&d=mm&r=g","contentUrl":"https:\/\/secure.gravatar.com\/avatar\/24333df84e8510f0912c55442d74e9d0?s=96&d=mm&r=g","caption":"admin"}}]}},"_links":{"self":[{"href":"https:\/\/www.reencontro.pt\/index.php\/wp-json\/wp\/v2\/posts\/275"}],"collection":[{"href":"https:\/\/www.reencontro.pt\/index.php\/wp-json\/wp\/v2\/posts"}],"about":[{"href":"https:\/\/www.reencontro.pt\/index.php\/wp-json\/wp\/v2\/types\/post"}],"author":[{"embeddable":true,"href":"https:\/\/www.reencontro.pt\/index.php\/wp-json\/wp\/v2\/users\/4"}],"replies":[{"embeddable":true,"href":"https:\/\/www.reencontro.pt\/index.php\/wp-json\/wp\/v2\/comments?post=275"}],"version-history":[{"count":5,"href":"https:\/\/www.reencontro.pt\/index.php\/wp-json\/wp\/v2\/posts\/275\/revisions"}],"predecessor-version":[{"id":356,"href":"https:\/\/www.reencontro.pt\/index.php\/wp-json\/wp\/v2\/posts\/275\/revisions\/356"}],"wp:featuredmedia":[{"embeddable":true,"href":"https:\/\/www.reencontro.pt\/index.php\/wp-json\/wp\/v2\/media\/328"}],"wp:attachment":[{"href":"https:\/\/www.reencontro.pt\/index.php\/wp-json\/wp\/v2\/media?parent=275"}],"wp:term":[{"taxonomy":"category","embeddable":true,"href":"https:\/\/www.reencontro.pt\/index.php\/wp-json\/wp\/v2\/categories?post=275"},{"taxonomy":"post_tag","embeddable":true,"href":"https:\/\/www.reencontro.pt\/index.php\/wp-json\/wp\/v2\/tags?post=275"}],"curies":[{"name":"wp","href":"https:\/\/api.w.org\/{rel}","templated":true}]}}